{"id":3832,"date":"2019-12-20T17:49:21","date_gmt":"2019-12-20T16:49:21","guid":{"rendered":"https:\/\/hautsdefrance-brassband.fr\/?p=3832"},"modified":"2019-12-20T17:50:25","modified_gmt":"2019-12-20T16:50:25","slug":"david-maillot","status":"publish","type":"post","link":"https:\/\/hautsdefrance-brassband.fr\/?p=3832","title":{"rendered":"David Maillot"},"content":{"rendered":"<p>Le parcours de <b>David MAILLOT<\/b>, remarqu\u00e9 comme l\u2019un des plus brillants musiciens de sa g\u00e9n\u00e9ration se caract\u00e9rise par son dynamisme, mais aussi et surtout par sa diversit\u00e9. David d\u00e9couvre la musique lors d\u2019une animation scolaire alors qu\u2019il n\u2019est qu\u2019en maternelle, cette animation fut d\u00e9cisive ; il d\u00e9cide sur le champ d\u2019apprendre le violon et s\u2019oriente cinq ans plus tard vers le saxhorn-basse dans son \u00e9cole de musique (Libercourt 62) avec Mr Georges Segers. En 1996, il entre au Conservatoire National de R\u00e9gion de Douai dans la classe de Jean-Luc Petitprez, qui structure son exigence et son app\u00e9tit de jeune musicien. Il remporte en 1998, le 1er prix du Concours National du \u00ab Rotary Club \u00bb.<\/p>\n<p>David obtient en 2000 une m\u00e9daille d\u2019or \u00e0 l\u2019unanimit\u00e9 du CNR de Douai et entre \u00e0 19 ans premier nomm\u00e9 au Conservatoire National Sup\u00e9rieur de Musique et de Danse de Paris (CNSMDP). Il y d\u00e9veloppe aupr\u00e8s de Philippe Fritsch une approche personnelle de l\u2019instrument, particuli\u00e8rement dans le domaine soliste. Claude Pichaureau et Fr\u00e9d\u00e9ric Stochl l\u2019accompagnent au long de son cursus o\u00f9 respect du texte et la mise en espace \u00e0 travers le th\u00e9\u00e2tre instrumental \u00e9tayent sa formation d\u2019interpr\u00e8te. En 2001, il remporte une m\u00e9daille d\u2019or au Concours Europ\u00e9en du Luxembourg organis\u00e9 par l\u2019\u00abUnion Grand-Duc Adolphe\u00bb, et entre quelques mois plus tard en qualit\u00e9 de saxhorn-basse solo \u00e0 l\u2019Orchestre de la Garde R\u00e9publicaine. Les \u00e9tudes de David Maillot au CNSMDP sont couronn\u00e9es en juin 2003 par le Dipl\u00f4me de Formation Sup\u00e9rieure o\u00f9 il se voit d\u00e9cerner le prix de saxhorn (Mention Tr\u00e8s Bien). Il s\u2019est d\u00e9j\u00e0 produit en r\u00e9cital lors de nombreux congr\u00e8s internationaux pour pr\u00e9senter le saxhorn dans son langage classique et contemporain (Manchester, Budapest, Amboise, Lisbonne\u2026).<\/p>\n<p>David est aussi r\u00e9guli\u00e8rement sollicit\u00e9 par de grands orchestres fran\u00e7ais tels que l\u2019Orchestre de l\u2019Op\u00e9ra National de Paris, l\u2019Orchestre National de France, l\u2019Orchestre de Paris, l\u2019Orchestre Philharmonique de Radio France, l\u2019Ensemble InterContemporain, l\u2019Orchestre National de Lille, l\u2019Orchestre de Bretagne, l\u2019Ensemble Recherche\u2026<\/p>\n<p>En 2008, il enregistre avec la pianiste G\u00e9raldine DUTRONCY son premier album \u00ab saxhorn et piano \u00bb. Titulaire du Certificat d\u2019Aptitudes de professeur de tuba, David MAILLOT enseigne au conservatoire Maurice RAVEL de Levallois-Perret.<\/p>\n<p><a href=\"https:\/\/hautsdefrance-brassband.fr\/wp-content\/uploads\/2019\/12\/David.jpg\"><img decoding=\"async\" src=\"https:\/\/hautsdefrance-brassband.fr\/wp-content\/uploads\/2019\/12\/David-150x150.jpg\" width=\"150\" height=\"150\" alt=\"David.jpg\" style=\"display:inline-block\" \/><\/a> <\/p>","protected":false},"excerpt":{"rendered":"<p>Le parcours de David MAILLOT, remarqu\u00e9 comme l\u2019un des plus brillants musiciens de sa g\u00e9n\u00e9ration se caract\u00e9rise par son dynamisme, mais aussi et surtout par sa diversit\u00e9. David d\u00e9couvre la [&hellip;]<\/p>\n","protected":false},"author":52,"featured_media":3834,"comment_status":"open","ping_status":"closed","sticky":false,"template":"","format":"standard","meta":{"_jetpack_memberships_contains_paid_content":false,"footnotes":""},"categories":[88],"tags":[],"class_list":["post-3832","post","type-post","status-publish","format-standard","has-post-thumbnail","hentry","category-biographies","entry"],"jetpack_featured_media_url":"https:\/\/hautsdefrance-brassband.fr\/wp-content\/uploads\/2019\/12\/David.jpg","jetpack_sharing_enabled":true,"_links":{"self":[{"href":"https:\/\/hautsdefrance-brassband.fr\/index.php?rest_route=\/wp\/v2\/posts\/3832"}],"collection":[{"href":"https:\/\/hautsdefrance-brassband.fr\/index.php?rest_route=\/wp\/v2\/posts"}],"about":[{"href":"https:\/\/hautsdefrance-brassband.fr\/index.php?rest_route=\/wp\/v2\/types\/post"}],"author":[{"embeddable":true,"href":"https:\/\/hautsdefrance-brassband.fr\/index.php?rest_route=\/wp\/v2\/users\/52"}],"replies":[{"embeddable":true,"href":"https:\/\/hautsdefrance-brassband.fr\/index.php?rest_route=%2Fwp%2Fv2%2Fcomments&post=3832"}],"version-history":[{"count":2,"href":"https:\/\/hautsdefrance-brassband.fr\/index.php?rest_route=\/wp\/v2\/posts\/3832\/revisions"}],"predecessor-version":[{"id":3838,"href":"https:\/\/hautsdefrance-brassband.fr\/index.php?rest_route=\/wp\/v2\/posts\/3832\/revisions\/3838"}],"wp:featuredmedia":[{"embeddable":true,"href":"https:\/\/hautsdefrance-brassband.fr\/index.php?rest_route=\/wp\/v2\/media\/3834"}],"wp:attachment":[{"href":"https:\/\/hautsdefrance-brassband.fr\/index.php?rest_route=%2Fwp%2Fv2%2Fmedia&parent=3832"}],"wp:term":[{"taxonomy":"category","embeddable":true,"href":"https:\/\/hautsdefrance-brassband.fr\/index.php?rest_route=%2Fwp%2Fv2%2Fcategories&post=3832"},{"taxonomy":"post_tag","embeddable":true,"href":"https:\/\/hautsdefrance-brassband.fr\/index.php?rest_route=%2Fwp%2Fv2%2Ftags&post=3832"}],"curies":[{"name":"wp","href":"https:\/\/api.w.org\/{rel}","templated":true}]}}