{"id":3136,"date":"2019-10-18T14:32:58","date_gmt":"2019-10-18T13:32:58","guid":{"rendered":"https:\/\/hautsdefrance-brassband.fr\/?p=3136"},"modified":"2019-10-18T14:32:58","modified_gmt":"2019-10-18T13:32:58","slug":"les-compositeurs-pour-lebbc-2020-sont-annonces","status":"publish","type":"post","link":"https:\/\/hautsdefrance-brassband.fr\/?p=3136","title":{"rendered":"Les compositeurs pour l&rsquo;EBBC 2020 sont annonc\u00e9s"},"content":{"rendered":"<p>L&rsquo;<b>Association Europ\u00e9enne des Brass Bands<\/b> (EBBA <i>European Brass Band Association<\/i>) a annonc\u00e9 les compositeurs s\u00e9lectionn\u00e9s pour le prochain championnat d&rsquo;europe (EBBC <i>European Brass Band Championship<\/i> qui se tiendra \u00e0 Palanga du 25 avril au 3 mai 2020.<br \/>\nLes pi\u00e8ces impos\u00e9es pour les division <i>Championship Section<\/i> et <i>Premier Youth Section<\/i> ont \u00e9t\u00e9 command\u00e9es respectivement \u00e0 <b>Philip Sparke<\/b> et <b>Jan de Haan<\/b> qui ont \u00e9troitement travaill\u00e9 avec plusieurs compositeurs lituaniens afin de les \u00e9pauler dans leur d\u00e9couverte de l&rsquo;\u00e9criture pour brass band.<br \/>\nParmi eux, <b>Vaida Beinarienne<\/b> et <b>Kazys Daugela<\/b> ont \u00e9t\u00e9 s\u00e9lectionn\u00e9s pour composer les pi\u00e8ces impos\u00e9es des divisions <i>Challenge Section<\/i> et <i>Developement Youth Section.<\/i><br \/>\nLe pr\u00e9sident d&rsquo;EBBA, <b>Ulf Rosenberg<\/b>, a d\u00e9clar\u00e9 : \u00ab\u00a0Nous sommes heureux que l&rsquo;\u00e9quipe d&rsquo;organisation \u00e0 Palanga ait command\u00e9 4 nouvelles \u0153uvres pour brass band \u00e0 l&rsquo;occasion de la premi\u00e8re \u00e9dition du championnat en Lituanie ; dont 2 de compositeurs lituaniens qui apporteront sans aucun doute la diversit\u00e9 et la richesse de leur culture musicale.\u00a0\u00bb<\/p>\n<p><a href=\"https:\/\/hautsdefrance-brassband.fr\/wp-content\/uploads\/2019\/10\/20100409141355-0.jpg\"><img decoding=\"async\" src=\"https:\/\/hautsdefrance-brassband.fr\/wp-content\/uploads\/2019\/10\/20100409141355-0-150x147.jpg\" width=\"150\" height=\"147\" alt=\"20100409141355-0.jpg\" style=\"display:inline-block\" \/><\/a> <a href=\"https:\/\/hautsdefrance-brassband.fr\/wp-content\/uploads\/2019\/10\/ebbc-2020-1.png\"><img decoding=\"async\" src=\"https:\/\/hautsdefrance-brassband.fr\/wp-content\/uploads\/2019\/10\/ebbc-2020-1-150x100.png\" width=\"150\" height=\"100\" alt=\"ebbc-2020-1.png\" style=\"display:inline-block\" \/><\/a> <\/p>","protected":false},"excerpt":{"rendered":"<p>L&rsquo;Association Europ\u00e9enne des Brass Bands (EBBA European Brass Band Association) a annonc\u00e9 les compositeurs s\u00e9lectionn\u00e9s pour le prochain championnat d&rsquo;europe (EBBC European Brass Band Championship qui se tiendra \u00e0 Palanga [&hellip;]<\/p>\n","protected":false},"author":52,"featured_media":3138,"comment_status":"open","ping_status":"closed","sticky":false,"template":"","format":"standard","meta":{"_jetpack_memberships_contains_paid_content":false,"footnotes":""},"categories":[1],"tags":[],"class_list":["post-3136","post","type-post","status-publish","format-standard","has-post-thumbnail","hentry","category-actualites-diverses","entry"],"jetpack_featured_media_url":"https:\/\/hautsdefrance-brassband.fr\/wp-content\/uploads\/2019\/10\/20100409141355-0.jpg","jetpack_sharing_enabled":true,"_links":{"self":[{"href":"https:\/\/hautsdefrance-brassband.fr\/index.php?rest_route=\/wp\/v2\/posts\/3136"}],"collection":[{"href":"https:\/\/hautsdefrance-brassband.fr\/index.php?rest_route=\/wp\/v2\/posts"}],"about":[{"href":"https:\/\/hautsdefrance-brassband.fr\/index.php?rest_route=\/wp\/v2\/types\/post"}],"author":[{"embeddable":true,"href":"https:\/\/hautsdefrance-brassband.fr\/index.php?rest_route=\/wp\/v2\/users\/52"}],"replies":[{"embeddable":true,"href":"https:\/\/hautsdefrance-brassband.fr\/index.php?rest_route=%2Fwp%2Fv2%2Fcomments&post=3136"}],"version-history":[{"count":2,"href":"https:\/\/hautsdefrance-brassband.fr\/index.php?rest_route=\/wp\/v2\/posts\/3136\/revisions"}],"predecessor-version":[{"id":3140,"href":"https:\/\/hautsdefrance-brassband.fr\/index.php?rest_route=\/wp\/v2\/posts\/3136\/revisions\/3140"}],"wp:featuredmedia":[{"embeddable":true,"href":"https:\/\/hautsdefrance-brassband.fr\/index.php?rest_route=\/wp\/v2\/media\/3138"}],"wp:attachment":[{"href":"https:\/\/hautsdefrance-brassband.fr\/index.php?rest_route=%2Fwp%2Fv2%2Fmedia&parent=3136"}],"wp:term":[{"taxonomy":"category","embeddable":true,"href":"https:\/\/hautsdefrance-brassband.fr\/index.php?rest_route=%2Fwp%2Fv2%2Fcategories&post=3136"},{"taxonomy":"post_tag","embeddable":true,"href":"https:\/\/hautsdefrance-brassband.fr\/index.php?rest_route=%2Fwp%2Fv2%2Ftags&post=3136"}],"curies":[{"name":"wp","href":"https:\/\/api.w.org\/{rel}","templated":true}]}}