{"id":3074,"date":"2019-09-27T22:40:28","date_gmt":"2019-09-27T21:40:28","guid":{"rendered":"https:\/\/hautsdefrance-brassband.fr\/?p=3074"},"modified":"2019-10-17T22:41:27","modified_gmt":"2019-10-17T21:41:27","slug":"medaille-dor-pour-lilian-meurin","status":"publish","type":"post","link":"https:\/\/hautsdefrance-brassband.fr\/?p=3074","title":{"rendered":"M\u00e9daille d\u2019or pour Lilian Meurin"},"content":{"rendered":"<p>F\u00e9licitations \u00e0 Lilian Meurin, euphonium solo du Hauts-de-France Brass Band, qui a re\u00e7u une m\u00e9daille d&rsquo;or au 3\u00e8me concours international de musique de Berlin.<\/p>\n<p>www.berlinercompetition.com<\/p>\n<p><a href=\"https:\/\/hautsdefrance-brassband.fr\/wp-content\/uploads\/2019\/10\/3360FAA1-E9CD-4F08-829A-8C2027241D87-1.jpeg\"><img fetchpriority=\"high\" decoding=\"async\" src=\"https:\/\/hautsdefrance-brassband.fr\/wp-content\/uploads\/2019\/10\/3360FAA1-E9CD-4F08-829A-8C2027241D87-1-236x300.jpeg\" alt=\"\" width=\"236\" height=\"300\" class=\"alignnone size-medium wp-image-3077\" srcset=\"https:\/\/hautsdefrance-brassband.fr\/wp-content\/uploads\/2019\/10\/3360FAA1-E9CD-4F08-829A-8C2027241D87-1-236x300.jpeg 236w, https:\/\/hautsdefrance-brassband.fr\/wp-content\/uploads\/2019\/10\/3360FAA1-E9CD-4F08-829A-8C2027241D87-1-450x572.jpeg 450w, https:\/\/hautsdefrance-brassband.fr\/wp-content\/uploads\/2019\/10\/3360FAA1-E9CD-4F08-829A-8C2027241D87-1.jpeg 755w\" sizes=\"(max-width: 236px) 100vw, 236px\" \/><\/a><\/p>\n<p><a href=\"https:\/\/hautsdefrance-brassband.fr\/wp-content\/uploads\/2019\/10\/3360FAA1-E9CD-4F08-829A-8C2027241D87-1.jpeg\"><img decoding=\"async\" src=\"https:\/\/hautsdefrance-brassband.fr\/wp-content\/uploads\/2019\/10\/3360FAA1-E9CD-4F08-829A-8C2027241D87-1-150x150.jpeg\" width=\"150\" height=\"150\" alt=\"3360FAA1-E9CD-4F08-829A-8C2027241D87-1.jpeg\" style=\"display:inline-block\" \/><\/a> <a href=\"https:\/\/hautsdefrance-brassband.fr\/wp-content\/uploads\/2019\/10\/062B905B-C809-418A-9068-2E6E65D16188-0.jpeg\"><img decoding=\"async\" src=\"https:\/\/hautsdefrance-brassband.fr\/wp-content\/uploads\/2019\/10\/062B905B-C809-418A-9068-2E6E65D16188-0-150x150.jpeg\" width=\"150\" height=\"150\" alt=\"062B905B-C809-418A-9068-2E6E65D16188-0.jpeg\" style=\"display:inline-block\" \/><\/a> <\/p>","protected":false},"excerpt":{"rendered":"<p>F\u00e9licitations \u00e0 Lilian Meurin, euphonium solo du Hauts-de-France Brass Band, qui a re\u00e7u une m\u00e9daille d&rsquo;or au 3\u00e8me concours international de musique de Berlin. www.berlinercompetition.com<\/p>\n","protected":false},"author":52,"featured_media":3076,"comment_status":"open","ping_status":"closed","sticky":false,"template":"","format":"standard","meta":{"_jetpack_memberships_contains_paid_content":false,"footnotes":""},"categories":[82],"tags":[],"class_list":["post-3074","post","type-post","status-publish","format-standard","has-post-thumbnail","hentry","category-actualites-des-musiciens","entry"],"jetpack_featured_media_url":"https:\/\/hautsdefrance-brassband.fr\/wp-content\/uploads\/2019\/10\/062B905B-C809-418A-9068-2E6E65D16188-0.jpeg","jetpack_sharing_enabled":true,"_links":{"self":[{"href":"https:\/\/hautsdefrance-brassband.fr\/index.php?rest_route=\/wp\/v2\/posts\/3074"}],"collection":[{"href":"https:\/\/hautsdefrance-brassband.fr\/index.php?rest_route=\/wp\/v2\/posts"}],"about":[{"href":"https:\/\/hautsdefrance-brassband.fr\/index.php?rest_route=\/wp\/v2\/types\/post"}],"author":[{"embeddable":true,"href":"https:\/\/hautsdefrance-brassband.fr\/index.php?rest_route=\/wp\/v2\/users\/52"}],"replies":[{"embeddable":true,"href":"https:\/\/hautsdefrance-brassband.fr\/index.php?rest_route=%2Fwp%2Fv2%2Fcomments&post=3074"}],"version-history":[{"count":2,"href":"https:\/\/hautsdefrance-brassband.fr\/index.php?rest_route=\/wp\/v2\/posts\/3074\/revisions"}],"predecessor-version":[{"id":3078,"href":"https:\/\/hautsdefrance-brassband.fr\/index.php?rest_route=\/wp\/v2\/posts\/3074\/revisions\/3078"}],"wp:featuredmedia":[{"embeddable":true,"href":"https:\/\/hautsdefrance-brassband.fr\/index.php?rest_route=\/wp\/v2\/media\/3076"}],"wp:attachment":[{"href":"https:\/\/hautsdefrance-brassband.fr\/index.php?rest_route=%2Fwp%2Fv2%2Fmedia&parent=3074"}],"wp:term":[{"taxonomy":"category","embeddable":true,"href":"https:\/\/hautsdefrance-brassband.fr\/index.php?rest_route=%2Fwp%2Fv2%2Fcategories&post=3074"},{"taxonomy":"post_tag","embeddable":true,"href":"https:\/\/hautsdefrance-brassband.fr\/index.php?rest_route=%2Fwp%2Fv2%2Ftags&post=3074"}],"curies":[{"name":"wp","href":"https:\/\/api.w.org\/{rel}","templated":true}]}}