{"id":2835,"date":"2019-10-16T21:08:20","date_gmt":"2019-10-16T20:08:20","guid":{"rendered":"https:\/\/hautsdefrance-brassband.fr\/?p=2835"},"modified":"2019-12-16T11:01:19","modified_gmt":"2019-12-16T10:01:19","slug":"lilian-meurin","status":"publish","type":"post","link":"https:\/\/hautsdefrance-brassband.fr\/?p=2835","title":{"rendered":"Lilian Meurin"},"content":{"rendered":"<p>Lilian Meurin s\u2019impose sur la sc\u00e8ne musicale comme l\u2019un des euphoniumistes les plus talentueux de sa g\u00e9n\u00e9ration.<\/p>\n<p>Apr\u00e8s avoir d\u00e9but\u00e9 ses \u00e9tudes musicales \u00e0 La Gorgue, dans le Nord de la France, il int\u00e8gre la classe de Jean-Luc Petitprez au Conservatoire de Douai avant d\u2019\u00eatre admis, \u00e0 15 ans, au Conservatoire National Sup\u00e9rieur de Musique de Paris dans la classe de Philippe Fritsch. Un master mention tr\u00e8s bien \u00e0 l\u2019unanimit\u00e9 avec les f\u00e9licitations du jury couronne son parcours au sein de cette prestigieuse institution.<\/p>\n<p>Lilian est laur\u00e9at de nombreux concours internationaux : Luxembourg International Competition (Luxembourg), Tours International Competition (France), J\u00e9ju International Competition (Cor\u00e9e du Sud).<\/p>\n<p>Fort d\u2019une carri\u00e8re en pleine expansion, Lilian s\u2019est d\u00e9j\u00e0 produit en Belgique, Autriche, Portugal, Colombie, Gr\u00e8ce, Angleterre, Cor\u00e9e du Sud notamment sur des sc\u00e8nes tr\u00e8s prestigieuses : Royal Albert Hall (Londres), Bruckner symphonie House (Linz), Birmingham Symphony Hall (Angleterre), J\u00e9ju Art Center (Cor\u00e9e du Sud), Auditorium de Radio France etc\u2026<\/p>\n<p>En France, Lilian est r\u00e9guli\u00e8rement invit\u00e9 \u00e0 travailler avec des orchestres symphoniques tels que l\u2019Orchestre de Chambre de Paris, l\u2019Op\u00e9ra National de Rouen, l\u2019Orchestre Lamoureux, l\u2019Orchestre National de France entre autres.<\/p>\n<p>Son int\u00e9r\u00eat certain pour la musique de Chambre le conduit \u00e0 s\u2019exprimer au sein de formations \u00e0 g\u00e9om\u00e9trie variable telles que Saxhornia (quatuor de saxhorns et piano) et, en duo depuis deux ans, aux c\u00f4t\u00e9s de Victor M\u00e9tral avec qui il enregistre en 2018 son premier album Po\u00e8mes chez le label Ind\u00e9SENS Record (euphonium et piano).<\/p>\n<p>Le brass band constitue un pan incontournable de sa carri\u00e8re. Lilian est ainsi r\u00e9guli\u00e8rement invit\u00e9 \u00e0 se produire en Angleterre aux c\u00f4t\u00e9s de grands ma\u00eetres de la discipline tels que Robert Childs, Russel Gray, Frank Renton et bien d\u2019autres. Depuis 2016, il est Euphonium solo du Hauts de France Bass Band avec qui il remporte le prix du meilleur soliste lors des 42nd European Brass Band Championships aux Pays- Bas (Utrecht 2018). Une premi\u00e8re dans l\u2019histoire pour un Fran\u00e7ais.<\/p>\n<p>Invit\u00e9 pour ses qualit\u00e9s artistiques autant que p\u00e9dagogiques, Lilian est r\u00e9guli\u00e8rement invit\u00e9 pour des classes de ma\u00eetres (Portugal, Colombie et France). Il enseigne au conservatoire du 17\u00e8me arrondissement de la ville de Paris.<\/p>\n<p>Lilian Meurin est un artiste Besson\/Antoine Courtois.<\/p>\n<div class=\"jetpack-video-wrapper\"><iframe title=\"Lilian Meurin, Victor M\u00e9tral - Po\u00e8mes\" width=\"640\" height=\"360\" src=\"https:\/\/www.youtube.com\/embed\/BTdCZfuthmg?feature=oembed\" frameborder=\"0\" allow=\"accelerometer; autoplay; clipboard-write; encrypted-media; gyroscope; picture-in-picture; web-share\" referrerpolicy=\"strict-origin-when-cross-origin\" allowfullscreen><\/iframe><\/div>\n<p><iframe title=\"Lilian Meurin, Victor Metral \/ Carmen Fantasy by Lilian\" width=\"640\" height=\"400\" scrolling=\"no\" frameborder=\"no\" src=\"https:\/\/w.soundcloud.com\/player\/?visual=true&#038;url=https%3A%2F%2Fapi.soundcloud.com%2Ftracks%2F542183418&#038;show_artwork=true&#038;maxheight=960&#038;maxwidth=640\"><\/iframe><\/p>\n<p><a href=\"https:\/\/hautsdefrance-brassband.fr\/wp-content\/uploads\/2019\/10\/CD431593-3818-4A5B-8AC2-7AD24A507A9C.jpeg\"><img decoding=\"async\" src=\"https:\/\/hautsdefrance-brassband.fr\/wp-content\/uploads\/2019\/10\/CD431593-3818-4A5B-8AC2-7AD24A507A9C-150x150.jpeg\" width=\"150\" height=\"150\" alt=\"Lilian Meurin\" style=\"display:inline-block\" \/><\/a> <\/p>","protected":false},"excerpt":{"rendered":"<p>Lilian Meurin s\u2019impose sur la sc\u00e8ne musicale comme l\u2019un des euphoniumistes les plus talentueux de sa g\u00e9n\u00e9ration. Apr\u00e8s avoir d\u00e9but\u00e9 ses \u00e9tudes musicales \u00e0 La Gorgue, dans le Nord de [&hellip;]<\/p>\n","protected":false},"author":52,"featured_media":2837,"comment_status":"open","ping_status":"closed","sticky":false,"template":"","format":"standard","meta":{"_jetpack_memberships_contains_paid_content":false,"footnotes":""},"categories":[88],"tags":[],"class_list":["post-2835","post","type-post","status-publish","format-standard","has-post-thumbnail","hentry","category-biographies","entry"],"jetpack_featured_media_url":"https:\/\/hautsdefrance-brassband.fr\/wp-content\/uploads\/2019\/10\/CD431593-3818-4A5B-8AC2-7AD24A507A9C.jpeg","jetpack_sharing_enabled":true,"_links":{"self":[{"href":"https:\/\/hautsdefrance-brassband.fr\/index.php?rest_route=\/wp\/v2\/posts\/2835"}],"collection":[{"href":"https:\/\/hautsdefrance-brassband.fr\/index.php?rest_route=\/wp\/v2\/posts"}],"about":[{"href":"https:\/\/hautsdefrance-brassband.fr\/index.php?rest_route=\/wp\/v2\/types\/post"}],"author":[{"embeddable":true,"href":"https:\/\/hautsdefrance-brassband.fr\/index.php?rest_route=\/wp\/v2\/users\/52"}],"replies":[{"embeddable":true,"href":"https:\/\/hautsdefrance-brassband.fr\/index.php?rest_route=%2Fwp%2Fv2%2Fcomments&post=2835"}],"version-history":[{"count":5,"href":"https:\/\/hautsdefrance-brassband.fr\/index.php?rest_route=\/wp\/v2\/posts\/2835\/revisions"}],"predecessor-version":[{"id":3674,"href":"https:\/\/hautsdefrance-brassband.fr\/index.php?rest_route=\/wp\/v2\/posts\/2835\/revisions\/3674"}],"wp:featuredmedia":[{"embeddable":true,"href":"https:\/\/hautsdefrance-brassband.fr\/index.php?rest_route=\/wp\/v2\/media\/2837"}],"wp:attachment":[{"href":"https:\/\/hautsdefrance-brassband.fr\/index.php?rest_route=%2Fwp%2Fv2%2Fmedia&parent=2835"}],"wp:term":[{"taxonomy":"category","embeddable":true,"href":"https:\/\/hautsdefrance-brassband.fr\/index.php?rest_route=%2Fwp%2Fv2%2Fcategories&post=2835"},{"taxonomy":"post_tag","embeddable":true,"href":"https:\/\/hautsdefrance-brassband.fr\/index.php?rest_route=%2Fwp%2Fv2%2Ftags&post=2835"}],"curies":[{"name":"wp","href":"https:\/\/api.w.org\/{rel}","templated":true}]}}